{"id":2116,"date":"2018-03-07T11:14:53","date_gmt":"2018-03-07T16:14:53","guid":{"rendered":"https:\/\/jboivinavocat.com\/classification-des-meurtres\/"},"modified":"2018-03-07T11:14:53","modified_gmt":"2018-03-07T16:14:53","slug":"classification-des-meurtres","status":"publish","type":"post","link":"https:\/\/jboivinavocat.com\/en\/classification-des-meurtres\/","title":{"rendered":"Classification des meurtres"},"content":{"rendered":"<p><span style=\"font-weight: 400;\">Beaucoup se demande la distinction entre un meurtre au 1<\/span><span style=\"font-weight: 400;\">er<\/span><span style=\"font-weight: 400;\"> ou au 2<\/span><span style=\"font-weight: 400;\">e<\/span><span style=\"font-weight: 400;\"> degr\u00e9. On entend souvent que le meurtre au 1<\/span><span style=\"font-weight: 400;\">er<\/span><span style=\"font-weight: 400;\"> degr\u00e9 est plus grave que celui au 2<\/span><span style=\"font-weight: 400;\">e<\/span><span style=\"font-weight: 400;\"> degr\u00e9. Dans cet article, nous tenterons de d\u00e9mystifier le tout. <!--more--> En effet, qu\u2019il s\u2019agisse d\u2019un meurtre au 1<\/span><span style=\"font-weight: 400;\">er<\/span><span style=\"font-weight: 400;\"> ou au 2<\/span><span style=\"font-weight: 400;\">e<\/span><span style=\"font-weight: 400;\"> degr\u00e9,il s\u2019agit du m\u00eame acte criminel et dans les deux cas, la peine minimale est l\u2019emprisonnement \u00e0 vie. L\u2019utilit\u00e9 de la cat\u00e9gorisation demeure donc \u00e0 des fins de sentence.<\/span><\/p>\n<p><b>Voici les distinctions\u00a0:<\/b><\/p>\n<p>&nbsp;<\/p>\n<h2>Les circonstances<\/h2>\n<p><span style=\"font-weight: 400;\">Pour diff\u00e9rencier un meurtre du 1<\/span><span style=\"font-weight: 400;\">er<\/span><span style=\"font-weight: 400;\"> ou 2<\/span><span style=\"font-weight: 400;\">e<\/span><span style=\"font-weight: 400;\"> degr\u00e9, il y a une liste de circonstances aggravantes. Le meurtre au 2<\/span><span style=\"font-weight: 400;\">e<\/span><span style=\"font-weight: 400;\"> degr\u00e9 est donc une cat\u00e9gorie r\u00e9siduelle, il s\u2019agit du meurtre qui n\u2019appartient pas \u00e0 la cat\u00e9gorie des meurtres au 1<\/span><span style=\"font-weight: 400;\">er <\/span><span style=\"font-weight: 400;\">degr\u00e9. <\/span><\/p>\n<p><span style=\"font-weight: 400;\">Un meurtre commis dans l\u2019une de ces circonstances constitue un meurtre au 1<\/span><span style=\"font-weight: 400;\">er<\/span><span style=\"font-weight: 400;\"> degr\u00e9\u00a0:<\/span><\/p>\n<ul>\n<li style=\"font-weight: 400;\"><span style=\"font-weight: 400;\">Pr\u00e9m\u00e9ditation et propos d\u00e9lib\u00e9r\u00e9s (crime non impulsif)<\/span><\/li>\n<li style=\"font-weight: 400;\"><span style=\"font-weight: 400;\">Meurtre d\u2019un agent de police<\/span><\/li>\n<li style=\"font-weight: 400;\"><span style=\"font-weight: 400;\">Harc\u00e8lement criminel<\/span><\/li>\n<li style=\"font-weight: 400;\"><span style=\"font-weight: 400;\">Activit\u00e9 terroriste<\/span><\/li>\n<li style=\"font-weight: 400;\"><span style=\"font-weight: 400;\">Organisation criminelle<\/span><\/li>\n<li style=\"font-weight: 400;\"><span style=\"font-weight: 400;\">Intimidation<\/span><\/li>\n<li style=\"font-weight: 400;\"><span style=\"font-weight: 400;\">D\u00e9tournement, enl\u00e8vement, infraction sexuelle ou prise d\u2019otage<\/span><\/li>\n<\/ul>\n<p>&nbsp;<\/p>\n<h2>La lib\u00e9ration<\/h2>\n<p><span style=\"font-weight: 400;\">Lorsqu&#8217;il s\u2019agit d\u2019un meurtre au 2<\/span><span style=\"font-weight: 400;\">e<\/span><span style=\"font-weight: 400;\"> degr\u00e9, le pr\u00e9venu devient \u00e9ligible \u00e0 une lib\u00e9ration apr\u00e8s avoir purg\u00e9 un minimum de 10 ans de sa peine. Ce d\u00e9lai minimum reste \u00e0 la discr\u00e9tion du juge. Quant au meurtre au 1<\/span><span style=\"font-weight: 400;\">er<\/span><span style=\"font-weight: 400;\"> degr\u00e9, <\/span><span style=\"font-weight: 400;\">auparavant le pr\u00e9venu \u00e9copait d&#8217;une peine \u00e0 perp\u00e9tuit\u00e9 mais pouvaient demander une lib\u00e9ration conditionnelle apr\u00e8s avoir pass\u00e9 25 ans \u00e0 l&#8217;ombre, qu&#8217;il ait tu\u00e9 une ou plusieurs personnes. Le gouvernement conservateur a cependant chang\u00e9 cette r\u00e8gle par un amendement au code criminel en 2012. Il appartient toutefois au juge de d\u00e9terminer si quelqu&#8217;un condamn\u00e9 pour plusieurs meurtres peine plus que le minimum de 25 ans.<\/span><\/p>\n<p>&nbsp;<\/p>\n<h2>Homicide<\/h2>\n<p><span style=\"font-weight: 400;\">On entend \u00e9galement certaines personnes utiliser le mot \u00ab homicide \u00bb pour parler d\u2019un meurtre. Un meurtre est un homicide, mais un homicide n\u2019est pas n\u00e9cessairement un meurtre. En effet, il existe 3 cat\u00e9gories d\u2019homicide\u00a0: <\/span><\/p>\n<ol>\n<li><span style=\"font-weight: 400;\">Meurtre<\/span><\/li>\n<li><span style=\"font-weight: 400;\">Infanticide <\/span><\/li>\n<li><span style=\"font-weight: 400;\">Homicide involontaire coupable\u00a0(provoquer la mort sans le vouloir)<\/span><\/li>\n<\/ol>\n<p><span style=\"font-weight: 400;\">La diff\u00e9rence entre ces 3 types d\u2019homicide ? L\u2019intention derri\u00e8re l\u2019acte ou le statut de la victime.<\/span><\/p>\n<p><span style=\"font-weight: 400;\">Me Boivin saura d\u00e9fendre avec professionnalisme et d\u00e9termination ses clients et mettre \u00e0 profit son exp\u00e9rience en tant qu\u2019ancien procureur aux poursuites criminelles et p\u00e9nales.<\/span><\/p>\n","protected":false},"excerpt":{"rendered":"<p>Beaucoup se demande la distinction entre un meurtre au 1er ou au 2e degr\u00e9. On entend souvent que le meurtre au 1er degr\u00e9 est plus grave que celui au 2e degr\u00e9. Dans cet article, nous tenterons de d\u00e9mystifier le tout.<\/p>\n","protected":false},"author":1,"featured_media":2118,"comment_status":"closed","ping_status":"closed","sticky":false,"template":"","format":"standard","meta":{"footnotes":""},"categories":[14],"tags":[],"class_list":["post-2116","post","type-post","status-publish","format-standard","has-post-thumbnail","hentry","category-legal-information-or-law-101"],"yoast_head":"<!-- This site is optimized with the Yoast SEO plugin v27.4 - https:\/\/yoast.com\/product\/yoast-seo-wordpress\/ -->\n<title>Classification des meurtres - JONATHAN BOIVIN<\/title>\n<meta name=\"robots\" content=\"index, follow, max-snippet:-1, max-image-preview:large, max-video-preview:-1\" \/>\n<link rel=\"canonical\" href=\"https:\/\/jboivinavocat.com\/en\/classification-des-meurtres\/\" \/>\n<meta property=\"og:locale\" content=\"en_US\" \/>\n<meta property=\"og:type\" content=\"article\" \/>\n<meta property=\"og:title\" content=\"Classification des meurtres - JONATHAN BOIVIN\" \/>\n<meta property=\"og:description\" content=\"Beaucoup se demande la distinction entre un meurtre au 1er ou au 2e degr\u00e9. On entend souvent que le meurtre au 1er degr\u00e9 est plus grave que celui au 2e degr\u00e9. Dans cet article, nous tenterons de d\u00e9mystifier le tout.\" \/>\n<meta property=\"og:url\" content=\"https:\/\/jboivinavocat.com\/en\/classification-des-meurtres\/\" \/>\n<meta property=\"og:site_name\" content=\"JONATHAN BOIVIN\" \/>\n<meta property=\"article:publisher\" content=\"https:\/\/www.facebook.com\/JBoivinavocat\/\" \/>\n<meta property=\"article:published_time\" content=\"2018-03-07T16:14:53+00:00\" \/>\n<meta property=\"og:image\" content=\"https:\/\/jboivinavocat.com\/wp-content\/uploads\/2018\/03\/header-01.jpg\" \/>\n\t<meta property=\"og:image:width\" content=\"2000\" \/>\n\t<meta property=\"og:image:height\" content=\"800\" \/>\n\t<meta property=\"og:image:type\" content=\"image\/jpeg\" \/>\n<meta name=\"author\" content=\"Jonathan Boivin\" \/>\n<meta name=\"twitter:card\" content=\"summary_large_image\" \/>\n<meta name=\"twitter:label1\" content=\"Written by\" \/>\n\t<meta name=\"twitter:data1\" content=\"Jonathan Boivin\" \/>\n\t<meta name=\"twitter:label2\" content=\"Est. reading time\" \/>\n\t<meta name=\"twitter:data2\" content=\"2 minutes\" \/>\n<script type=\"application\/ld+json\" class=\"yoast-schema-graph\">{\"@context\":\"https:\\\/\\\/schema.org\",\"@graph\":[{\"@type\":\"Article\",\"@id\":\"https:\\\/\\\/jboivinavocat.com\\\/en\\\/classification-des-meurtres\\\/#article\",\"isPartOf\":{\"@id\":\"https:\\\/\\\/jboivinavocat.com\\\/en\\\/classification-des-meurtres\\\/\"},\"author\":{\"name\":\"Jonathan Boivin\",\"@id\":\"https:\\\/\\\/jboivinavocat.com\\\/#\\\/schema\\\/person\\\/9707f50c0816230b0fd81a474a7610f3\"},\"headline\":\"Classification des meurtres\",\"datePublished\":\"2018-03-07T16:14:53+00:00\",\"mainEntityOfPage\":{\"@id\":\"https:\\\/\\\/jboivinavocat.com\\\/en\\\/classification-des-meurtres\\\/\"},\"wordCount\":413,\"publisher\":{\"@id\":\"https:\\\/\\\/jboivinavocat.com\\\/#organization\"},\"image\":{\"@id\":\"https:\\\/\\\/jboivinavocat.com\\\/en\\\/classification-des-meurtres\\\/#primaryimage\"},\"thumbnailUrl\":\"https:\\\/\\\/jboivinavocat.com\\\/wp-content\\\/uploads\\\/2018\\\/03\\\/shutterstock_718660165.jpg\",\"articleSection\":[\"Legal information (or \u201cLaw 101\u201d)\"],\"inLanguage\":\"en-US\"},{\"@type\":\"WebPage\",\"@id\":\"https:\\\/\\\/jboivinavocat.com\\\/en\\\/classification-des-meurtres\\\/\",\"url\":\"https:\\\/\\\/jboivinavocat.com\\\/en\\\/classification-des-meurtres\\\/\",\"name\":\"Classification des meurtres - JONATHAN BOIVIN\",\"isPartOf\":{\"@id\":\"https:\\\/\\\/jboivinavocat.com\\\/#website\"},\"primaryImageOfPage\":{\"@id\":\"https:\\\/\\\/jboivinavocat.com\\\/en\\\/classification-des-meurtres\\\/#primaryimage\"},\"image\":{\"@id\":\"https:\\\/\\\/jboivinavocat.com\\\/en\\\/classification-des-meurtres\\\/#primaryimage\"},\"thumbnailUrl\":\"https:\\\/\\\/jboivinavocat.com\\\/wp-content\\\/uploads\\\/2018\\\/03\\\/shutterstock_718660165.jpg\",\"datePublished\":\"2018-03-07T16:14:53+00:00\",\"breadcrumb\":{\"@id\":\"https:\\\/\\\/jboivinavocat.com\\\/en\\\/classification-des-meurtres\\\/#breadcrumb\"},\"inLanguage\":\"en-US\",\"potentialAction\":[{\"@type\":\"ReadAction\",\"target\":[\"https:\\\/\\\/jboivinavocat.com\\\/en\\\/classification-des-meurtres\\\/\"]}]},{\"@type\":\"ImageObject\",\"inLanguage\":\"en-US\",\"@id\":\"https:\\\/\\\/jboivinavocat.com\\\/en\\\/classification-des-meurtres\\\/#primaryimage\",\"url\":\"https:\\\/\\\/jboivinavocat.com\\\/wp-content\\\/uploads\\\/2018\\\/03\\\/shutterstock_718660165.jpg\",\"contentUrl\":\"https:\\\/\\\/jboivinavocat.com\\\/wp-content\\\/uploads\\\/2018\\\/03\\\/shutterstock_718660165.jpg\",\"width\":880,\"height\":470},{\"@type\":\"BreadcrumbList\",\"@id\":\"https:\\\/\\\/jboivinavocat.com\\\/en\\\/classification-des-meurtres\\\/#breadcrumb\",\"itemListElement\":[{\"@type\":\"ListItem\",\"position\":1,\"name\":\"Home\",\"item\":\"https:\\\/\\\/jboivinavocat.com\\\/en\\\/\"},{\"@type\":\"ListItem\",\"position\":2,\"name\":\"Classification des meurtres\"}]},{\"@type\":\"WebSite\",\"@id\":\"https:\\\/\\\/jboivinavocat.com\\\/#website\",\"url\":\"https:\\\/\\\/jboivinavocat.com\\\/\",\"name\":\"JONATHAN BOIVIN\",\"description\":\"Avocat criminaliste\",\"publisher\":{\"@id\":\"https:\\\/\\\/jboivinavocat.com\\\/#organization\"},\"potentialAction\":[{\"@type\":\"SearchAction\",\"target\":{\"@type\":\"EntryPoint\",\"urlTemplate\":\"https:\\\/\\\/jboivinavocat.com\\\/?s={search_term_string}\"},\"query-input\":{\"@type\":\"PropertyValueSpecification\",\"valueRequired\":true,\"valueName\":\"search_term_string\"}}],\"inLanguage\":\"en-US\"},{\"@type\":\"Organization\",\"@id\":\"https:\\\/\\\/jboivinavocat.com\\\/#organization\",\"name\":\"JONATHAN BOIVIN\",\"url\":\"https:\\\/\\\/jboivinavocat.com\\\/\",\"logo\":{\"@type\":\"ImageObject\",\"inLanguage\":\"en-US\",\"@id\":\"https:\\\/\\\/jboivinavocat.com\\\/#\\\/schema\\\/logo\\\/image\\\/\",\"url\":\"https:\\\/\\\/jboivinavocat.com\\\/wp-content\\\/uploads\\\/2023\\\/08\\\/jboivin-avocat.png\",\"contentUrl\":\"https:\\\/\\\/jboivinavocat.com\\\/wp-content\\\/uploads\\\/2023\\\/08\\\/jboivin-avocat.png\",\"width\":241,\"height\":112,\"caption\":\"JONATHAN BOIVIN\"},\"image\":{\"@id\":\"https:\\\/\\\/jboivinavocat.com\\\/#\\\/schema\\\/logo\\\/image\\\/\"},\"sameAs\":[\"https:\\\/\\\/www.facebook.com\\\/JBoivinavocat\\\/\"]},{\"@type\":\"Person\",\"@id\":\"https:\\\/\\\/jboivinavocat.com\\\/#\\\/schema\\\/person\\\/9707f50c0816230b0fd81a474a7610f3\",\"name\":\"Jonathan Boivin\",\"image\":{\"@type\":\"ImageObject\",\"inLanguage\":\"en-US\",\"@id\":\"https:\\\/\\\/secure.gravatar.com\\\/avatar\\\/afe5e40392db6ea293c46ec40b48f5abe924b5e25faba632e35afdd949494c6a?s=96&d=mm&r=g\",\"url\":\"https:\\\/\\\/secure.gravatar.com\\\/avatar\\\/afe5e40392db6ea293c46ec40b48f5abe924b5e25faba632e35afdd949494c6a?s=96&d=mm&r=g\",\"contentUrl\":\"https:\\\/\\\/secure.gravatar.com\\\/avatar\\\/afe5e40392db6ea293c46ec40b48f5abe924b5e25faba632e35afdd949494c6a?s=96&d=mm&r=g\",\"caption\":\"Jonathan Boivin\"}}]}<\/script>\n<!-- \/ Yoast SEO plugin. -->","yoast_head_json":{"title":"Classification des meurtres - JONATHAN BOIVIN","robots":{"index":"index","follow":"follow","max-snippet":"max-snippet:-1","max-image-preview":"max-image-preview:large","max-video-preview":"max-video-preview:-1"},"canonical":"https:\/\/jboivinavocat.com\/en\/classification-des-meurtres\/","og_locale":"en_US","og_type":"article","og_title":"Classification des meurtres - JONATHAN BOIVIN","og_description":"Beaucoup se demande la distinction entre un meurtre au 1er ou au 2e degr\u00e9. On entend souvent que le meurtre au 1er degr\u00e9 est plus grave que celui au 2e degr\u00e9. Dans cet article, nous tenterons de d\u00e9mystifier le tout.","og_url":"https:\/\/jboivinavocat.com\/en\/classification-des-meurtres\/","og_site_name":"JONATHAN BOIVIN","article_publisher":"https:\/\/www.facebook.com\/JBoivinavocat\/","article_published_time":"2018-03-07T16:14:53+00:00","og_image":[{"width":2000,"height":800,"url":"https:\/\/jboivinavocat.com\/wp-content\/uploads\/2018\/03\/header-01.jpg","type":"image\/jpeg"}],"author":"Jonathan Boivin","twitter_card":"summary_large_image","twitter_misc":{"Written by":"Jonathan Boivin","Est. reading time":"2 minutes"},"schema":{"@context":"https:\/\/schema.org","@graph":[{"@type":"Article","@id":"https:\/\/jboivinavocat.com\/en\/classification-des-meurtres\/#article","isPartOf":{"@id":"https:\/\/jboivinavocat.com\/en\/classification-des-meurtres\/"},"author":{"name":"Jonathan Boivin","@id":"https:\/\/jboivinavocat.com\/#\/schema\/person\/9707f50c0816230b0fd81a474a7610f3"},"headline":"Classification des meurtres","datePublished":"2018-03-07T16:14:53+00:00","mainEntityOfPage":{"@id":"https:\/\/jboivinavocat.com\/en\/classification-des-meurtres\/"},"wordCount":413,"publisher":{"@id":"https:\/\/jboivinavocat.com\/#organization"},"image":{"@id":"https:\/\/jboivinavocat.com\/en\/classification-des-meurtres\/#primaryimage"},"thumbnailUrl":"https:\/\/jboivinavocat.com\/wp-content\/uploads\/2018\/03\/shutterstock_718660165.jpg","articleSection":["Legal information (or \u201cLaw 101\u201d)"],"inLanguage":"en-US"},{"@type":"WebPage","@id":"https:\/\/jboivinavocat.com\/en\/classification-des-meurtres\/","url":"https:\/\/jboivinavocat.com\/en\/classification-des-meurtres\/","name":"Classification des meurtres - JONATHAN BOIVIN","isPartOf":{"@id":"https:\/\/jboivinavocat.com\/#website"},"primaryImageOfPage":{"@id":"https:\/\/jboivinavocat.com\/en\/classification-des-meurtres\/#primaryimage"},"image":{"@id":"https:\/\/jboivinavocat.com\/en\/classification-des-meurtres\/#primaryimage"},"thumbnailUrl":"https:\/\/jboivinavocat.com\/wp-content\/uploads\/2018\/03\/shutterstock_718660165.jpg","datePublished":"2018-03-07T16:14:53+00:00","breadcrumb":{"@id":"https:\/\/jboivinavocat.com\/en\/classification-des-meurtres\/#breadcrumb"},"inLanguage":"en-US","potentialAction":[{"@type":"ReadAction","target":["https:\/\/jboivinavocat.com\/en\/classification-des-meurtres\/"]}]},{"@type":"ImageObject","inLanguage":"en-US","@id":"https:\/\/jboivinavocat.com\/en\/classification-des-meurtres\/#primaryimage","url":"https:\/\/jboivinavocat.com\/wp-content\/uploads\/2018\/03\/shutterstock_718660165.jpg","contentUrl":"https:\/\/jboivinavocat.com\/wp-content\/uploads\/2018\/03\/shutterstock_718660165.jpg","width":880,"height":470},{"@type":"BreadcrumbList","@id":"https:\/\/jboivinavocat.com\/en\/classification-des-meurtres\/#breadcrumb","itemListElement":[{"@type":"ListItem","position":1,"name":"Home","item":"https:\/\/jboivinavocat.com\/en\/"},{"@type":"ListItem","position":2,"name":"Classification des meurtres"}]},{"@type":"WebSite","@id":"https:\/\/jboivinavocat.com\/#website","url":"https:\/\/jboivinavocat.com\/","name":"JONATHAN BOIVIN","description":"Avocat criminaliste","publisher":{"@id":"https:\/\/jboivinavocat.com\/#organization"},"potentialAction":[{"@type":"SearchAction","target":{"@type":"EntryPoint","urlTemplate":"https:\/\/jboivinavocat.com\/?s={search_term_string}"},"query-input":{"@type":"PropertyValueSpecification","valueRequired":true,"valueName":"search_term_string"}}],"inLanguage":"en-US"},{"@type":"Organization","@id":"https:\/\/jboivinavocat.com\/#organization","name":"JONATHAN BOIVIN","url":"https:\/\/jboivinavocat.com\/","logo":{"@type":"ImageObject","inLanguage":"en-US","@id":"https:\/\/jboivinavocat.com\/#\/schema\/logo\/image\/","url":"https:\/\/jboivinavocat.com\/wp-content\/uploads\/2023\/08\/jboivin-avocat.png","contentUrl":"https:\/\/jboivinavocat.com\/wp-content\/uploads\/2023\/08\/jboivin-avocat.png","width":241,"height":112,"caption":"JONATHAN BOIVIN"},"image":{"@id":"https:\/\/jboivinavocat.com\/#\/schema\/logo\/image\/"},"sameAs":["https:\/\/www.facebook.com\/JBoivinavocat\/"]},{"@type":"Person","@id":"https:\/\/jboivinavocat.com\/#\/schema\/person\/9707f50c0816230b0fd81a474a7610f3","name":"Jonathan Boivin","image":{"@type":"ImageObject","inLanguage":"en-US","@id":"https:\/\/secure.gravatar.com\/avatar\/afe5e40392db6ea293c46ec40b48f5abe924b5e25faba632e35afdd949494c6a?s=96&d=mm&r=g","url":"https:\/\/secure.gravatar.com\/avatar\/afe5e40392db6ea293c46ec40b48f5abe924b5e25faba632e35afdd949494c6a?s=96&d=mm&r=g","contentUrl":"https:\/\/secure.gravatar.com\/avatar\/afe5e40392db6ea293c46ec40b48f5abe924b5e25faba632e35afdd949494c6a?s=96&d=mm&r=g","caption":"Jonathan Boivin"}}]}},"_links":{"self":[{"href":"https:\/\/jboivinavocat.com\/en\/wp-json\/wp\/v2\/posts\/2116","targetHints":{"allow":["GET"]}}],"collection":[{"href":"https:\/\/jboivinavocat.com\/en\/wp-json\/wp\/v2\/posts"}],"about":[{"href":"https:\/\/jboivinavocat.com\/en\/wp-json\/wp\/v2\/types\/post"}],"author":[{"embeddable":true,"href":"https:\/\/jboivinavocat.com\/en\/wp-json\/wp\/v2\/users\/1"}],"replies":[{"embeddable":true,"href":"https:\/\/jboivinavocat.com\/en\/wp-json\/wp\/v2\/comments?post=2116"}],"version-history":[{"count":0,"href":"https:\/\/jboivinavocat.com\/en\/wp-json\/wp\/v2\/posts\/2116\/revisions"}],"wp:featuredmedia":[{"embeddable":true,"href":"https:\/\/jboivinavocat.com\/en\/wp-json\/wp\/v2\/media\/2118"}],"wp:attachment":[{"href":"https:\/\/jboivinavocat.com\/en\/wp-json\/wp\/v2\/media?parent=2116"}],"wp:term":[{"taxonomy":"category","embeddable":true,"href":"https:\/\/jboivinavocat.com\/en\/wp-json\/wp\/v2\/categories?post=2116"},{"taxonomy":"post_tag","embeddable":true,"href":"https:\/\/jboivinavocat.com\/en\/wp-json\/wp\/v2\/tags?post=2116"}],"curies":[{"name":"wp","href":"https:\/\/api.w.org\/{rel}","templated":true}]}}