{"id":2111,"date":"2020-11-13T12:18:09","date_gmt":"2020-11-13T17:18:09","guid":{"rendered":"https:\/\/jboivinavocat.com\/connaissez-vos-droits-le-droit-au-silence\/"},"modified":"2020-11-13T12:18:09","modified_gmt":"2020-11-13T17:18:09","slug":"connaissez-vos-droits-le-droit-au-silence","status":"publish","type":"post","link":"https:\/\/jboivinavocat.com\/en\/connaissez-vos-droits-le-droit-au-silence\/","title":{"rendered":"Connaissez vos droits: le droit au silence"},"content":{"rendered":"<p>Tout le monde conna\u00eet la formule consacr\u00e9e: \u00abVous avez le droit de garder le silence. Tout ce que vous direz pourra \u00eatre retenu contre vous!\u00bb. Mais savez-vous vraiment ce qu\u2019elle signifie? Le droit au silence part du principe que vous avez le droit de ne pas vous incriminer vous m\u00eame dans une cause qui p\u00e8se contre vous. Lors de votre d\u00e9tention ou d\u2019une arrestation, les policiers doivent vous informer de ce droit. En gardant le silence et en demandant de parler \u00e0 un avocat, vous vous assurez de la situation la plus favorable quant \u00e0 votre d\u00e9fense. Quelques notions sur le sujet:<\/p>\n<p><strong>Lors d\u2019une arrestation ou d\u2019une d\u00e9tention<\/strong><\/p>\n<p>La police vous d\u00e9tient ou a proc\u00e9d\u00e9 \u00e0 votre arrestation en vous donnant d\u2019abord son motif pour le faire (le premier droit de toute personne arr\u00eat\u00e9e), vous a d\u00fbment identifi\u00e9 et vous fait ensuite part de votre droit de garder le silence (au moyen de la fameuse formule)? Vous devez ABSOLUMENT exercer celui-ci. Votre seule raison de leur adresser la parole \u00e0 ce stade doit se rapporter \u00e0 communiquer votre intention de garder le silence ET de parler \u00e0 un avocat afin d\u2019assurer votre d\u00e9fense (ou de recevoir les explications n\u00e9cessaires \u00e0 votre situation quant \u00e0 l\u2019exercice de vos droits). Certains policiers essaieront de vous soutirer des informations concernant les \u00e9v\u00e9nements ayant men\u00e9 \u00e0 votre arrestation Ces informations, pour autant qu\u2019elles aient \u00e9t\u00e9 divulgu\u00e9es volontairement, pourraient servir d\u2019\u00e9l\u00e9ment de preuve lorsque votre cause sera entendue en cour. C\u2019est pourquoi il ne faut JAMAIS r\u00e9pondre \u00e0 ces questions avant d\u2019avoir consult\u00e9 un avocat de son choix (ou d\u2019un service disponible). M\u00eame chose lorsque vous \u00eates d\u00e9tenu et qu\u2019on vous convoque \u00e0 un interrogatoire.<\/p>\n<p><img loading=\"lazy\" decoding=\"async\" class=\"aligncenter size-full wp-image-1310\" src=\"https:\/\/jboivinavocat.com\/wp-content\/uploads\/2020\/11\/shutterstock_741919558.jpg\" alt=\"\" width=\"2967\" height=\"1767\" srcset=\"https:\/\/jboivinavocat.com\/wp-content\/uploads\/2020\/11\/shutterstock_741919558.jpg 2967w, https:\/\/jboivinavocat.com\/wp-content\/uploads\/2020\/11\/shutterstock_741919558-300x179.jpg 300w, https:\/\/jboivinavocat.com\/wp-content\/uploads\/2020\/11\/shutterstock_741919558-768x457.jpg 768w, https:\/\/jboivinavocat.com\/wp-content\/uploads\/2020\/11\/shutterstock_741919558-1024x610.jpg 1024w\" sizes=\"auto, (max-width: 2967px) 100vw, 2967px\" \/><\/p>\n<p>&nbsp;<\/p>\n<p><strong>Pourquoi consulter un avocat?<\/strong><\/p>\n<p>Lors d\u2019une arrestation, la consultation rapide d\u2019un avocat vous permet d\u2019\u00eatre inform\u00e9 de vos droits et de la fa\u00e7on de les exercer alors que vous \u00eates d\u00e9tenu et de vous assurer qu\u2019ils soient respect\u00e9s, notamment celui d\u2019avoir acc\u00e8s \u00e0 une d\u00e9fense pleine et enti\u00e8re. Vous pourrez consulter l\u2019ensemble du dossier vous concernant incluant les preuves, les rapports policiers et les t\u00e9moignages avec votre avocat qui pourra vous conseiller au meilleur de votre int\u00e9r\u00eat (cette \u00e9tape ne peut avoir lieu qu\u2019apr\u00e8s la comparution en cours et non lors du droit \u00e0 l\u2019avocat t\u00e9l\u00e9phonique). Celui-ci planifiera ensuite votre d\u00e9fense avec vous dans l\u2019espoir d&#8217;obtenir un jugement satisfaisant quant aux accusations port\u00e9es contre votre personne.<\/p>\n<p>&nbsp;<\/p>\n<p><strong>Me Jonathan Boivin, avocat criminaliste<\/strong><\/p>\n<p>Ayant men\u00e9 \u00e0 terme de multiples dossiers de courtes et de longues dur\u00e9es, dont certains devant jury, Me Boivin a d\u00e9velopp\u00e9 tout au long de sa carri\u00e8re une expertise en droit criminel et p\u00e9nal, qu\u2019il met maintenant au service de ses clients au travers de sa pratique. Si vous ou l\u2019un de vos proches vous trouvez dans une situation f\u00e2cheuse suite \u00e0 une arrestation, n\u2019h\u00e9sitez pas \u00e0 faire appel \u00e0 ses services dans le but de mettre toutes les chances de votre c\u00f4t\u00e9.<\/p>\n<p><img loading=\"lazy\" decoding=\"async\" class=\"aligncenter size-full wp-image-1317\" src=\"https:\/\/jboivinavocat.com\/wp-content\/uploads\/2020\/11\/Post-FB-JBoivin_La\u0300-pour-vous-de\u0301fendre.jpg\" alt=\"\" width=\"1200\" height=\"627\" srcset=\"https:\/\/jboivinavocat.com\/wp-content\/uploads\/2020\/11\/Post-FB-JBoivin_La\u0300-pour-vous-de\u0301fendre.jpg 1200w, https:\/\/jboivinavocat.com\/wp-content\/uploads\/2020\/11\/Post-FB-JBoivin_La\u0300-pour-vous-de\u0301fendre-300x157.jpg 300w, https:\/\/jboivinavocat.com\/wp-content\/uploads\/2020\/11\/Post-FB-JBoivin_La\u0300-pour-vous-de\u0301fendre-768x401.jpg 768w, https:\/\/jboivinavocat.com\/wp-content\/uploads\/2020\/11\/Post-FB-JBoivin_La\u0300-pour-vous-de\u0301fendre-1024x535.jpg 1024w\" sizes=\"auto, (max-width: 1200px) 100vw, 1200px\" \/><\/p>\n","protected":false},"excerpt":{"rendered":"<p>Tout le monde conna\u00eet la formule consacr\u00e9e: \u00abVous avez le droit de garder le silence. Tout ce que vous direz pourra \u00eatre retenu contre vous!\u00bb. Mais savez-vous vraiment ce qu\u2019elle signifie? Le droit au silence part du principe que vous avez le droit de ne pas vous incriminer vous m\u00eame dans une cause qui p\u00e8se [&hellip;]<\/p>\n","protected":false},"author":5,"featured_media":1308,"comment_status":"open","ping_status":"closed","sticky":false,"template":"","format":"standard","meta":{"footnotes":""},"categories":[15],"tags":[38],"class_list":["post-2111","post","type-post","status-publish","format-standard","has-post-thumbnail","hentry","category-your-rights","tag-droit-au-silence"],"yoast_head":"<!-- This site is optimized with the Yoast SEO plugin v27.4 - https:\/\/yoast.com\/product\/yoast-seo-wordpress\/ -->\n<title>Connaissez vos droits: le droit au silence - JONATHAN BOIVIN<\/title>\n<meta name=\"robots\" content=\"index, follow, max-snippet:-1, max-image-preview:large, max-video-preview:-1\" \/>\n<link rel=\"canonical\" href=\"https:\/\/jboivinavocat.com\/en\/connaissez-vos-droits-le-droit-au-silence\/\" \/>\n<meta property=\"og:locale\" content=\"en_US\" \/>\n<meta property=\"og:type\" content=\"article\" \/>\n<meta property=\"og:title\" content=\"Connaissez vos droits: le droit au silence - JONATHAN BOIVIN\" \/>\n<meta property=\"og:description\" content=\"Tout le monde conna\u00eet la formule consacr\u00e9e: \u00abVous avez le droit de garder le silence. Tout ce que vous direz pourra \u00eatre retenu contre vous!\u00bb. Mais savez-vous vraiment ce qu\u2019elle signifie? Le droit au silence part du principe que vous avez le droit de ne pas vous incriminer vous m\u00eame dans une cause qui p\u00e8se [&hellip;]\" \/>\n<meta property=\"og:url\" content=\"https:\/\/jboivinavocat.com\/en\/connaissez-vos-droits-le-droit-au-silence\/\" \/>\n<meta property=\"og:site_name\" content=\"JONATHAN BOIVIN\" \/>\n<meta property=\"article:publisher\" content=\"https:\/\/www.facebook.com\/JBoivinavocat\/\" \/>\n<meta property=\"article:published_time\" content=\"2020-11-13T17:18:09+00:00\" \/>\n<meta property=\"og:image\" content=\"https:\/\/jboivinavocat.com\/wp-content\/uploads\/2020\/11\/shutterstock_741919558.jpg\" \/>\n\t<meta property=\"og:image:width\" content=\"2967\" \/>\n\t<meta property=\"og:image:height\" content=\"1767\" \/>\n\t<meta property=\"og:image:type\" content=\"image\/jpeg\" \/>\n<meta name=\"author\" content=\"Jonathan Boivin\" \/>\n<meta name=\"twitter:card\" content=\"summary_large_image\" \/>\n<meta name=\"twitter:label1\" content=\"Written by\" \/>\n\t<meta name=\"twitter:data1\" content=\"Jonathan Boivin\" \/>\n\t<meta name=\"twitter:label2\" content=\"Est. reading time\" \/>\n\t<meta name=\"twitter:data2\" content=\"3 minutes\" \/>\n<script type=\"application\/ld+json\" class=\"yoast-schema-graph\">{\"@context\":\"https:\\\/\\\/schema.org\",\"@graph\":[{\"@type\":\"Article\",\"@id\":\"https:\\\/\\\/jboivinavocat.com\\\/en\\\/connaissez-vos-droits-le-droit-au-silence\\\/#article\",\"isPartOf\":{\"@id\":\"https:\\\/\\\/jboivinavocat.com\\\/en\\\/connaissez-vos-droits-le-droit-au-silence\\\/\"},\"author\":{\"name\":\"Jonathan Boivin\",\"@id\":\"https:\\\/\\\/jboivinavocat.com\\\/#\\\/schema\\\/person\\\/14b06d01455a897b7fb9305a09edfb5b\"},\"headline\":\"Connaissez vos droits: le droit au silence\",\"datePublished\":\"2020-11-13T17:18:09+00:00\",\"mainEntityOfPage\":{\"@id\":\"https:\\\/\\\/jboivinavocat.com\\\/en\\\/connaissez-vos-droits-le-droit-au-silence\\\/\"},\"wordCount\":543,\"commentCount\":0,\"publisher\":{\"@id\":\"https:\\\/\\\/jboivinavocat.com\\\/#organization\"},\"image\":{\"@id\":\"https:\\\/\\\/jboivinavocat.com\\\/en\\\/connaissez-vos-droits-le-droit-au-silence\\\/#primaryimage\"},\"thumbnailUrl\":\"https:\\\/\\\/jboivinavocat.com\\\/wp-content\\\/uploads\\\/2020\\\/11\\\/Garder-le-silence.jpg\",\"keywords\":[\"droit au silence\"],\"articleSection\":[\"Your rights\"],\"inLanguage\":\"en-US\"},{\"@type\":\"WebPage\",\"@id\":\"https:\\\/\\\/jboivinavocat.com\\\/en\\\/connaissez-vos-droits-le-droit-au-silence\\\/\",\"url\":\"https:\\\/\\\/jboivinavocat.com\\\/en\\\/connaissez-vos-droits-le-droit-au-silence\\\/\",\"name\":\"Connaissez vos droits: le droit au silence - JONATHAN BOIVIN\",\"isPartOf\":{\"@id\":\"https:\\\/\\\/jboivinavocat.com\\\/#website\"},\"primaryImageOfPage\":{\"@id\":\"https:\\\/\\\/jboivinavocat.com\\\/en\\\/connaissez-vos-droits-le-droit-au-silence\\\/#primaryimage\"},\"image\":{\"@id\":\"https:\\\/\\\/jboivinavocat.com\\\/en\\\/connaissez-vos-droits-le-droit-au-silence\\\/#primaryimage\"},\"thumbnailUrl\":\"https:\\\/\\\/jboivinavocat.com\\\/wp-content\\\/uploads\\\/2020\\\/11\\\/Garder-le-silence.jpg\",\"datePublished\":\"2020-11-13T17:18:09+00:00\",\"breadcrumb\":{\"@id\":\"https:\\\/\\\/jboivinavocat.com\\\/en\\\/connaissez-vos-droits-le-droit-au-silence\\\/#breadcrumb\"},\"inLanguage\":\"en-US\",\"potentialAction\":[{\"@type\":\"ReadAction\",\"target\":[\"https:\\\/\\\/jboivinavocat.com\\\/en\\\/connaissez-vos-droits-le-droit-au-silence\\\/\"]}]},{\"@type\":\"ImageObject\",\"inLanguage\":\"en-US\",\"@id\":\"https:\\\/\\\/jboivinavocat.com\\\/en\\\/connaissez-vos-droits-le-droit-au-silence\\\/#primaryimage\",\"url\":\"https:\\\/\\\/jboivinavocat.com\\\/wp-content\\\/uploads\\\/2020\\\/11\\\/Garder-le-silence.jpg\",\"contentUrl\":\"https:\\\/\\\/jboivinavocat.com\\\/wp-content\\\/uploads\\\/2020\\\/11\\\/Garder-le-silence.jpg\",\"width\":1890,\"height\":1417},{\"@type\":\"BreadcrumbList\",\"@id\":\"https:\\\/\\\/jboivinavocat.com\\\/en\\\/connaissez-vos-droits-le-droit-au-silence\\\/#breadcrumb\",\"itemListElement\":[{\"@type\":\"ListItem\",\"position\":1,\"name\":\"Home\",\"item\":\"https:\\\/\\\/jboivinavocat.com\\\/en\\\/\"},{\"@type\":\"ListItem\",\"position\":2,\"name\":\"Connaissez vos droits: le droit au silence\"}]},{\"@type\":\"WebSite\",\"@id\":\"https:\\\/\\\/jboivinavocat.com\\\/#website\",\"url\":\"https:\\\/\\\/jboivinavocat.com\\\/\",\"name\":\"JONATHAN BOIVIN\",\"description\":\"Avocat criminaliste\",\"publisher\":{\"@id\":\"https:\\\/\\\/jboivinavocat.com\\\/#organization\"},\"potentialAction\":[{\"@type\":\"SearchAction\",\"target\":{\"@type\":\"EntryPoint\",\"urlTemplate\":\"https:\\\/\\\/jboivinavocat.com\\\/?s={search_term_string}\"},\"query-input\":{\"@type\":\"PropertyValueSpecification\",\"valueRequired\":true,\"valueName\":\"search_term_string\"}}],\"inLanguage\":\"en-US\"},{\"@type\":\"Organization\",\"@id\":\"https:\\\/\\\/jboivinavocat.com\\\/#organization\",\"name\":\"JONATHAN BOIVIN\",\"url\":\"https:\\\/\\\/jboivinavocat.com\\\/\",\"logo\":{\"@type\":\"ImageObject\",\"inLanguage\":\"en-US\",\"@id\":\"https:\\\/\\\/jboivinavocat.com\\\/#\\\/schema\\\/logo\\\/image\\\/\",\"url\":\"https:\\\/\\\/jboivinavocat.com\\\/wp-content\\\/uploads\\\/2023\\\/08\\\/jboivin-avocat.png\",\"contentUrl\":\"https:\\\/\\\/jboivinavocat.com\\\/wp-content\\\/uploads\\\/2023\\\/08\\\/jboivin-avocat.png\",\"width\":241,\"height\":112,\"caption\":\"JONATHAN BOIVIN\"},\"image\":{\"@id\":\"https:\\\/\\\/jboivinavocat.com\\\/#\\\/schema\\\/logo\\\/image\\\/\"},\"sameAs\":[\"https:\\\/\\\/www.facebook.com\\\/JBoivinavocat\\\/\"]},{\"@type\":\"Person\",\"@id\":\"https:\\\/\\\/jboivinavocat.com\\\/#\\\/schema\\\/person\\\/14b06d01455a897b7fb9305a09edfb5b\",\"name\":\"Jonathan Boivin\",\"image\":{\"@type\":\"ImageObject\",\"inLanguage\":\"en-US\",\"@id\":\"https:\\\/\\\/secure.gravatar.com\\\/avatar\\\/528ffb04ee6a72584be257c069361eb8d538a74286821833b0c29278e8e71b8f?s=96&d=mm&r=g\",\"url\":\"https:\\\/\\\/secure.gravatar.com\\\/avatar\\\/528ffb04ee6a72584be257c069361eb8d538a74286821833b0c29278e8e71b8f?s=96&d=mm&r=g\",\"contentUrl\":\"https:\\\/\\\/secure.gravatar.com\\\/avatar\\\/528ffb04ee6a72584be257c069361eb8d538a74286821833b0c29278e8e71b8f?s=96&d=mm&r=g\",\"caption\":\"Jonathan Boivin\"}}]}<\/script>\n<!-- \/ Yoast SEO plugin. -->","yoast_head_json":{"title":"Connaissez vos droits: le droit au silence - JONATHAN BOIVIN","robots":{"index":"index","follow":"follow","max-snippet":"max-snippet:-1","max-image-preview":"max-image-preview:large","max-video-preview":"max-video-preview:-1"},"canonical":"https:\/\/jboivinavocat.com\/en\/connaissez-vos-droits-le-droit-au-silence\/","og_locale":"en_US","og_type":"article","og_title":"Connaissez vos droits: le droit au silence - JONATHAN BOIVIN","og_description":"Tout le monde conna\u00eet la formule consacr\u00e9e: \u00abVous avez le droit de garder le silence. Tout ce que vous direz pourra \u00eatre retenu contre vous!\u00bb. Mais savez-vous vraiment ce qu\u2019elle signifie? Le droit au silence part du principe que vous avez le droit de ne pas vous incriminer vous m\u00eame dans une cause qui p\u00e8se [&hellip;]","og_url":"https:\/\/jboivinavocat.com\/en\/connaissez-vos-droits-le-droit-au-silence\/","og_site_name":"JONATHAN BOIVIN","article_publisher":"https:\/\/www.facebook.com\/JBoivinavocat\/","article_published_time":"2020-11-13T17:18:09+00:00","og_image":[{"width":2967,"height":1767,"url":"https:\/\/jboivinavocat.com\/wp-content\/uploads\/2020\/11\/shutterstock_741919558.jpg","type":"image\/jpeg"}],"author":"Jonathan Boivin","twitter_card":"summary_large_image","twitter_misc":{"Written by":"Jonathan Boivin","Est. reading time":"3 minutes"},"schema":{"@context":"https:\/\/schema.org","@graph":[{"@type":"Article","@id":"https:\/\/jboivinavocat.com\/en\/connaissez-vos-droits-le-droit-au-silence\/#article","isPartOf":{"@id":"https:\/\/jboivinavocat.com\/en\/connaissez-vos-droits-le-droit-au-silence\/"},"author":{"name":"Jonathan Boivin","@id":"https:\/\/jboivinavocat.com\/#\/schema\/person\/14b06d01455a897b7fb9305a09edfb5b"},"headline":"Connaissez vos droits: le droit au silence","datePublished":"2020-11-13T17:18:09+00:00","mainEntityOfPage":{"@id":"https:\/\/jboivinavocat.com\/en\/connaissez-vos-droits-le-droit-au-silence\/"},"wordCount":543,"commentCount":0,"publisher":{"@id":"https:\/\/jboivinavocat.com\/#organization"},"image":{"@id":"https:\/\/jboivinavocat.com\/en\/connaissez-vos-droits-le-droit-au-silence\/#primaryimage"},"thumbnailUrl":"https:\/\/jboivinavocat.com\/wp-content\/uploads\/2020\/11\/Garder-le-silence.jpg","keywords":["droit au silence"],"articleSection":["Your rights"],"inLanguage":"en-US"},{"@type":"WebPage","@id":"https:\/\/jboivinavocat.com\/en\/connaissez-vos-droits-le-droit-au-silence\/","url":"https:\/\/jboivinavocat.com\/en\/connaissez-vos-droits-le-droit-au-silence\/","name":"Connaissez vos droits: le droit au silence - JONATHAN BOIVIN","isPartOf":{"@id":"https:\/\/jboivinavocat.com\/#website"},"primaryImageOfPage":{"@id":"https:\/\/jboivinavocat.com\/en\/connaissez-vos-droits-le-droit-au-silence\/#primaryimage"},"image":{"@id":"https:\/\/jboivinavocat.com\/en\/connaissez-vos-droits-le-droit-au-silence\/#primaryimage"},"thumbnailUrl":"https:\/\/jboivinavocat.com\/wp-content\/uploads\/2020\/11\/Garder-le-silence.jpg","datePublished":"2020-11-13T17:18:09+00:00","breadcrumb":{"@id":"https:\/\/jboivinavocat.com\/en\/connaissez-vos-droits-le-droit-au-silence\/#breadcrumb"},"inLanguage":"en-US","potentialAction":[{"@type":"ReadAction","target":["https:\/\/jboivinavocat.com\/en\/connaissez-vos-droits-le-droit-au-silence\/"]}]},{"@type":"ImageObject","inLanguage":"en-US","@id":"https:\/\/jboivinavocat.com\/en\/connaissez-vos-droits-le-droit-au-silence\/#primaryimage","url":"https:\/\/jboivinavocat.com\/wp-content\/uploads\/2020\/11\/Garder-le-silence.jpg","contentUrl":"https:\/\/jboivinavocat.com\/wp-content\/uploads\/2020\/11\/Garder-le-silence.jpg","width":1890,"height":1417},{"@type":"BreadcrumbList","@id":"https:\/\/jboivinavocat.com\/en\/connaissez-vos-droits-le-droit-au-silence\/#breadcrumb","itemListElement":[{"@type":"ListItem","position":1,"name":"Home","item":"https:\/\/jboivinavocat.com\/en\/"},{"@type":"ListItem","position":2,"name":"Connaissez vos droits: le droit au silence"}]},{"@type":"WebSite","@id":"https:\/\/jboivinavocat.com\/#website","url":"https:\/\/jboivinavocat.com\/","name":"JONATHAN BOIVIN","description":"Avocat criminaliste","publisher":{"@id":"https:\/\/jboivinavocat.com\/#organization"},"potentialAction":[{"@type":"SearchAction","target":{"@type":"EntryPoint","urlTemplate":"https:\/\/jboivinavocat.com\/?s={search_term_string}"},"query-input":{"@type":"PropertyValueSpecification","valueRequired":true,"valueName":"search_term_string"}}],"inLanguage":"en-US"},{"@type":"Organization","@id":"https:\/\/jboivinavocat.com\/#organization","name":"JONATHAN BOIVIN","url":"https:\/\/jboivinavocat.com\/","logo":{"@type":"ImageObject","inLanguage":"en-US","@id":"https:\/\/jboivinavocat.com\/#\/schema\/logo\/image\/","url":"https:\/\/jboivinavocat.com\/wp-content\/uploads\/2023\/08\/jboivin-avocat.png","contentUrl":"https:\/\/jboivinavocat.com\/wp-content\/uploads\/2023\/08\/jboivin-avocat.png","width":241,"height":112,"caption":"JONATHAN BOIVIN"},"image":{"@id":"https:\/\/jboivinavocat.com\/#\/schema\/logo\/image\/"},"sameAs":["https:\/\/www.facebook.com\/JBoivinavocat\/"]},{"@type":"Person","@id":"https:\/\/jboivinavocat.com\/#\/schema\/person\/14b06d01455a897b7fb9305a09edfb5b","name":"Jonathan Boivin","image":{"@type":"ImageObject","inLanguage":"en-US","@id":"https:\/\/secure.gravatar.com\/avatar\/528ffb04ee6a72584be257c069361eb8d538a74286821833b0c29278e8e71b8f?s=96&d=mm&r=g","url":"https:\/\/secure.gravatar.com\/avatar\/528ffb04ee6a72584be257c069361eb8d538a74286821833b0c29278e8e71b8f?s=96&d=mm&r=g","contentUrl":"https:\/\/secure.gravatar.com\/avatar\/528ffb04ee6a72584be257c069361eb8d538a74286821833b0c29278e8e71b8f?s=96&d=mm&r=g","caption":"Jonathan Boivin"}}]}},"_links":{"self":[{"href":"https:\/\/jboivinavocat.com\/en\/wp-json\/wp\/v2\/posts\/2111","targetHints":{"allow":["GET"]}}],"collection":[{"href":"https:\/\/jboivinavocat.com\/en\/wp-json\/wp\/v2\/posts"}],"about":[{"href":"https:\/\/jboivinavocat.com\/en\/wp-json\/wp\/v2\/types\/post"}],"author":[{"embeddable":true,"href":"https:\/\/jboivinavocat.com\/en\/wp-json\/wp\/v2\/users\/5"}],"replies":[{"embeddable":true,"href":"https:\/\/jboivinavocat.com\/en\/wp-json\/wp\/v2\/comments?post=2111"}],"version-history":[{"count":0,"href":"https:\/\/jboivinavocat.com\/en\/wp-json\/wp\/v2\/posts\/2111\/revisions"}],"wp:featuredmedia":[{"embeddable":true,"href":"https:\/\/jboivinavocat.com\/en\/wp-json\/wp\/v2\/media\/1308"}],"wp:attachment":[{"href":"https:\/\/jboivinavocat.com\/en\/wp-json\/wp\/v2\/media?parent=2111"}],"wp:term":[{"taxonomy":"category","embeddable":true,"href":"https:\/\/jboivinavocat.com\/en\/wp-json\/wp\/v2\/categories?post=2111"},{"taxonomy":"post_tag","embeddable":true,"href":"https:\/\/jboivinavocat.com\/en\/wp-json\/wp\/v2\/tags?post=2111"}],"curies":[{"name":"wp","href":"https:\/\/api.w.org\/{rel}","templated":true}]}}